{"id":3634,"date":"2026-03-14T22:32:21","date_gmt":"2026-03-14T13:32:21","guid":{"rendered":"https:\/\/romanianorthodoxy.jp\/laying-of-the-cornerstone-for-the-church-in-minami-alps-yamanashi-march-14-2026\/"},"modified":"2026-03-16T19:05:10","modified_gmt":"2026-03-16T10:05:10","slug":"punere-pietrei-de-temelie-pentru-biserica-din-minami-alps-yamanashi-14-martie-2026","status":"publish","type":"post","link":"https:\/\/romanianorthodoxy.jp\/ro\/punere-pietrei-de-temelie-pentru-biserica-din-minami-alps-yamanashi-14-martie-2026\/","title":{"rendered":"Punerea pietrei de temelie pentru biserica din Minami Alps, Yamanashi &#8211; 14 martie 2026"},"content":{"rendered":"\n<p>Ast\u0103zi 14 martie, cu voia \u0219i ajutorul lui Dumnezeu \u0219i cu binecuv\u00e2ntarea Preafericitului P\u0103rinte Daniel, Patriarhul Bisericii Ortodoxe Rom\u00e2ne, \u0219i a Inaltpreasfintitului Arhiepiscop Serafim, Mitropolitul Bisericii Ortodoxe Autonome din Japonia, am pus piatra de temelie a bisericii \u00eenchinate &#8222;\u00cenvierii lui Laz\u0103r&#8221; \u0219i &#8222;Sf\u00e2ntului Dimitrie cel Nou&#8221; din Minami Alps, Yamanashi.<\/p>\n\n<p>Credincio\u0219ii aduna\u021bi \u00een rug\u0103ciune al\u0103turi de clerici, au ocupat locurile obi\u0219nuite din biseric\u0103 \u00eenainte ca aceasta s\u0103 fie construit\u0103, prefigur\u00e2nd deja s\u0103v\u00e2r\u0219irea \u0219i \u00eencheierea lucr\u0103rilor. L\u00e2ng\u0103 ei s-a ad\u0103ugat \u0219i preotul budist de la templul de peste drum. <\/p>\n\n<p>Construc\u021bia funda\u021biei va \u00eencepe \u00een 1 Aprilie \u0219i va fi f\u0103cut\u0103 de o firm\u0103 local\u0103 japonez\u0103. Instalarea \u0219i montarea bisericii de lemn se va face \u00een perioada 29 Aprilie &#8211; 19 Mai, c\u00e2nd vor veni din Rom\u00e2nia me\u0219terii \u0219i c\u0103lug\u0103rii care au construit-o. Tot \u00een aceast\u0103 perioad\u0103 va fi pus\u0103 \u0219i tabla pe biseric\u0103 &#8211; lucrare realizat\u0103 de o alt\u0103 firm\u0103 japonez\u0103.  <\/p>\n\n<p>Rug\u0103ciunile ne-au dat n\u0103dejde, ne-au dat curaj ca ceea ce ne st\u0103 \u00eenainte s\u0103 nu ne tulbure sau s\u0103 ne sperie. P\u00e2n\u0103 la acest moment festiv \u0219i p\u00e2n\u0103 s\u0103 vedem biserica de lemn din Rom\u00e2nia sosit\u0103 pe terenul din Yamanashi, am trecut prin multe \u00eencerc\u0103ri. Am realizat c\u0103 nu este u\u0219or s\u0103 construie\u0219ti o biseric\u0103, mai ales \u00een Japonia. Peste toate, puterea \u0219i purtarea de grij\u0103 a lui Dumnezeu s-au ar\u0103tat biruitoare. \u00cen continuare \u00eencerc\u0103rile \u0219i ispitele nu contenesc a ne cerceta, \u00eens\u0103 dup\u0103 ziua de ast\u0103zi avem mai mult\u0103 n\u0103dejde c\u0103 lucr\u0103rile vor fi duse la bun sf\u00e2r\u0219it.    <\/p>\n\n<p>Cu siguran\u021b\u0103 acest efort al nostru &#8211; care de la stadiul de proiect p\u00e2n\u0103 la acest moment \u00eempline\u0219te aproape 2 ani, este un efort de echip\u0103, un demers al comuniunii. De aceea, pentru a-l duce la bun sf\u00e2r\u0219it, facem apel tot la comuniune \u0219i la \u00eentr-ajutorare. Cheltuielie ce urmeaz\u0103 (construirea funda\u021biei, acoperi\u0219ul bisericii, m\u00e2na de lucru, utilaje \u00eenchiriate, \u0219i altele neprev\u0103zute) ne pun din nou la rug\u0103ciune \u0219i la rug\u0103minte: fi\u021bi parte la proiectul acesta istoric \u0219i ajuta\u021bi-ne s\u0103-l ducem la bun sf\u00e2r\u0219it!  <\/p>\n\n<p>To\u021bi cei care au contribuit cu darurile lor la construirea bisericii \u00eenchinate &#8222;\u00cenvierii lui Laz\u0103r&#8221; \u0219i &#8222;Sf\u00e2ntului Dimitrie cel Nou&#8221; vor fi pomeni\u021bi ca ctitori la Sfintele Liturghii s\u0103v\u00e2r\u0219ite \u00een ea.<\/p>\n\n<p>Dona\u021bia dvs. poate fi f\u0103cut\u0103 la link-ul de mai jos:<\/p>\n\n<figure class=\"wp-block-image size-full is-resized\"><a class=\"\" href=\"https:\/\/donate.stripe.com\/9B68wPgWg5Se9cb1Kr8og05\"><img fetchpriority=\"high\" decoding=\"async\" width=\"900\" height=\"300\" src=\"https:\/\/romanianorthodoxy.jp\/wp-content\/uploads\/2026\/03\/donate-by-card-button-blue-transp.png\" alt=\"\" class=\"wp-image-3674\" style=\"aspect-ratio:3.0001171920778154;width:157px;height:auto\" srcset=\"https:\/\/romanianorthodoxy.jp\/wp-content\/uploads\/2026\/03\/donate-by-card-button-blue-transp.png 900w, https:\/\/romanianorthodoxy.jp\/wp-content\/uploads\/2026\/03\/donate-by-card-button-blue-transp-300x100.png 300w, https:\/\/romanianorthodoxy.jp\/wp-content\/uploads\/2026\/03\/donate-by-card-button-blue-transp-768x256.png 768w\" sizes=\"(max-width: 900px) 100vw, 900px\" \/><\/a><\/figure>\n\n<p>sau direct \u00een conturi:<\/p>\n\n<div class=\"wp-block-group is-layout-grid wp-container-core-group-is-layout-478b6e6b wp-block-group-is-layout-grid\">\n<p>CONT RON <br\/>BENEFICIAR: PATRIARHIA ROMANA &#8211; PAR. TOKIO<br\/>IBAN: RO59RNCB0075004895030001<br\/>CUI 4430779 (cu men\u021biunea : pentru Tokyo, Japonia)<\/p>\n\n\n\n<p><\/p>\n\n\n\n<p class=\"wp-container-content-69bc4bdf\">CONT JPY<br\/>Banca: Mitsubishi UFJ <br\/>Sucursala: Kunitachi (243)<br\/>Contul: normal<br\/>Num\u0103rul: 1447599<br\/>Numele: Rumania Seikyokai Nihon Shibu (Reprezentan\u021ba Bisericii Ortodoxe Rom\u00e2ne \u00een Japonia) Cod SWIFT: BOTKJPJTXXX<\/p>\n\n\n\n<p><\/p>\n<\/div>\n\n<p>Dumnezeu s\u0103-i binecuv\u00e2nteze pe to\u021bi donatorii \u0219i binef\u0103c\u0103torii no\u0219tri! Cu ajutorul lui Dumnezeu \u0219i cu sprijinul dumneavoastr\u0103, vom s\u0103v\u00e2r\u0219i prima Sf\u00e2nt\u0103 Liturghie \u00een biserica dedicat\u0103 Sfin\u021bilor Laz\u0103r \u0219i Dimitrie cel Nou \u00een Minami Alps, Yamanashi, la sf\u00e2r\u0219itul lunii mai. <\/p>\n\n<figure class=\"wp-block-image size-large\"><img decoding=\"async\" width=\"1024\" height=\"682\" src=\"https:\/\/romanianorthodoxy.jp\/wp-content\/uploads\/2026\/03\/DSC05792-1-1024x682.jpg\" alt=\"\" class=\"wp-image-3613\" srcset=\"https:\/\/romanianorthodoxy.jp\/wp-content\/uploads\/2026\/03\/DSC05792-1-1024x682.jpg 1024w, https:\/\/romanianorthodoxy.jp\/wp-content\/uploads\/2026\/03\/DSC05792-1-300x200.jpg 300w, https:\/\/romanianorthodoxy.jp\/wp-content\/uploads\/2026\/03\/DSC05792-1-768x512.jpg 768w, https:\/\/romanianorthodoxy.jp\/wp-content\/uploads\/2026\/03\/DSC05792-1-1536x1023.jpg 1536w, https:\/\/romanianorthodoxy.jp\/wp-content\/uploads\/2026\/03\/DSC05792-1.jpg 1945w\" sizes=\"(max-width: 1024px) 100vw, 1024px\" \/><\/figure>\n\n<figure class=\"wp-block-image size-large\"><img decoding=\"async\" width=\"1024\" height=\"682\" src=\"https:\/\/romanianorthodoxy.jp\/wp-content\/uploads\/2026\/03\/DSC05786-1024x682.jpg\" alt=\"\" class=\"wp-image-3611\" srcset=\"https:\/\/romanianorthodoxy.jp\/wp-content\/uploads\/2026\/03\/DSC05786-1024x682.jpg 1024w, https:\/\/romanianorthodoxy.jp\/wp-content\/uploads\/2026\/03\/DSC05786-300x200.jpg 300w, https:\/\/romanianorthodoxy.jp\/wp-content\/uploads\/2026\/03\/DSC05786-768x512.jpg 768w, https:\/\/romanianorthodoxy.jp\/wp-content\/uploads\/2026\/03\/DSC05786-1536x1024.jpg 1536w, https:\/\/romanianorthodoxy.jp\/wp-content\/uploads\/2026\/03\/DSC05786.jpg 1754w\" sizes=\"(max-width: 1024px) 100vw, 1024px\" \/><\/figure>\n\n<figure class=\"wp-block-image size-large\"><img loading=\"lazy\" decoding=\"async\" width=\"1024\" height=\"683\" src=\"https:\/\/romanianorthodoxy.jp\/wp-content\/uploads\/2026\/03\/DSC05861-1024x683.jpg\" alt=\"\" class=\"wp-image-3615\" srcset=\"https:\/\/romanianorthodoxy.jp\/wp-content\/uploads\/2026\/03\/DSC05861-1024x683.jpg 1024w, https:\/\/romanianorthodoxy.jp\/wp-content\/uploads\/2026\/03\/DSC05861-300x200.jpg 300w, https:\/\/romanianorthodoxy.jp\/wp-content\/uploads\/2026\/03\/DSC05861-768x512.jpg 768w, https:\/\/romanianorthodoxy.jp\/wp-content\/uploads\/2026\/03\/DSC05861-1536x1024.jpg 1536w, https:\/\/romanianorthodoxy.jp\/wp-content\/uploads\/2026\/03\/DSC05861.jpg 2048w\" sizes=\"(max-width: 1024px) 100vw, 1024px\" \/><\/figure>\n\n<figure class=\"wp-block-image size-large\"><img loading=\"lazy\" decoding=\"async\" width=\"683\" height=\"1024\" src=\"https:\/\/romanianorthodoxy.jp\/wp-content\/uploads\/2026\/03\/DSC05826-683x1024.jpg\" alt=\"\" class=\"wp-image-3616\" srcset=\"https:\/\/romanianorthodoxy.jp\/wp-content\/uploads\/2026\/03\/DSC05826-683x1024.jpg 683w, https:\/\/romanianorthodoxy.jp\/wp-content\/uploads\/2026\/03\/DSC05826-200x300.jpg 200w, https:\/\/romanianorthodoxy.jp\/wp-content\/uploads\/2026\/03\/DSC05826-768x1152.jpg 768w, https:\/\/romanianorthodoxy.jp\/wp-content\/uploads\/2026\/03\/DSC05826-1024x1536.jpg 1024w, https:\/\/romanianorthodoxy.jp\/wp-content\/uploads\/2026\/03\/DSC05826.jpg 1365w\" sizes=\"(max-width: 683px) 100vw, 683px\" \/><\/figure>\n\n<figure class=\"wp-block-image size-large\"><img loading=\"lazy\" decoding=\"async\" width=\"1024\" height=\"683\" src=\"https:\/\/romanianorthodoxy.jp\/wp-content\/uploads\/2026\/03\/DSC05836-1-1024x683.jpg\" alt=\"\" class=\"wp-image-3614\" srcset=\"https:\/\/romanianorthodoxy.jp\/wp-content\/uploads\/2026\/03\/DSC05836-1-1024x683.jpg 1024w, https:\/\/romanianorthodoxy.jp\/wp-content\/uploads\/2026\/03\/DSC05836-1-300x200.jpg 300w, https:\/\/romanianorthodoxy.jp\/wp-content\/uploads\/2026\/03\/DSC05836-1-768x512.jpg 768w, https:\/\/romanianorthodoxy.jp\/wp-content\/uploads\/2026\/03\/DSC05836-1-1536x1024.jpg 1536w, https:\/\/romanianorthodoxy.jp\/wp-content\/uploads\/2026\/03\/DSC05836-1.jpg 2048w\" sizes=\"(max-width: 1024px) 100vw, 1024px\" \/><\/figure>\n\n<figure class=\"wp-block-image size-large\"><img loading=\"lazy\" decoding=\"async\" width=\"1024\" height=\"683\" src=\"https:\/\/romanianorthodoxy.jp\/wp-content\/uploads\/2026\/03\/DSC05947a-2-1024x683.jpg\" alt=\"\" class=\"wp-image-3612\" srcset=\"https:\/\/romanianorthodoxy.jp\/wp-content\/uploads\/2026\/03\/DSC05947a-2-1024x683.jpg 1024w, https:\/\/romanianorthodoxy.jp\/wp-content\/uploads\/2026\/03\/DSC05947a-2-300x200.jpg 300w, https:\/\/romanianorthodoxy.jp\/wp-content\/uploads\/2026\/03\/DSC05947a-2-768x512.jpg 768w, https:\/\/romanianorthodoxy.jp\/wp-content\/uploads\/2026\/03\/DSC05947a-2-1536x1024.jpg 1536w, https:\/\/romanianorthodoxy.jp\/wp-content\/uploads\/2026\/03\/DSC05947a-2.jpg 2048w\" sizes=\"(max-width: 1024px) 100vw, 1024px\" \/><\/figure>\n\n<p><\/p>\n","protected":false},"excerpt":{"rendered":"<p>Ast\u0103zi 14 martie, cu voia \u0219i ajutorul lui Dumnezeu \u0219i cu binecuv\u00e2ntarea Preafericitului P\u0103rinte Daniel, Patriarhul Bisericii Ortodoxe Rom\u00e2ne, \u0219i a Inaltpreasfintitului Arhiepiscop Serafim, Mitropolitul Bisericii Ortodoxe Autonome din Japonia, [&hellip;]<\/p>\n","protected":false},"author":2,"featured_media":3633,"comment_status":"closed","ping_status":"open","sticky":false,"template":"","format":"standard","meta":{"footnotes":""},"categories":[13,53],"tags":[],"class_list":["post-3634","post","type-post","status-publish","format-standard","has-post-thumbnail","hentry","category-noutati","category-proiecte"],"yoast_head":"<!-- This site is optimized with the Yoast SEO plugin v27.5 - https:\/\/yoast.com\/product\/yoast-seo-wordpress\/ -->\n<title>Punerea pietrei de temelie pentru biserica din Minami Alps, Yamanashi - 14 martie 2026 - Biserica Ortodox\u0103 Rom\u00e2n\u0103 \u00een Japonia<\/title>\n<meta name=\"robots\" content=\"index, follow, max-snippet:-1, max-image-preview:large, max-video-preview:-1\" \/>\n<link rel=\"canonical\" href=\"https:\/\/romanianorthodoxy.jp\/ro\/punere-pietrei-de-temelie-pentru-biserica-din-minami-alps-yamanashi-14-martie-2026\/\" \/>\n<meta property=\"og:locale\" content=\"ro_RO\" \/>\n<meta property=\"og:type\" content=\"article\" \/>\n<meta property=\"og:title\" content=\"Punerea pietrei de temelie pentru biserica din Minami Alps, Yamanashi - 14 martie 2026 - Biserica Ortodox\u0103 Rom\u00e2n\u0103 \u00een Japonia\" \/>\n<meta property=\"og:description\" content=\"Ast\u0103zi 14 martie, cu voia \u0219i ajutorul lui Dumnezeu \u0219i cu binecuv\u00e2ntarea Preafericitului P\u0103rinte Daniel, Patriarhul Bisericii Ortodoxe Rom\u00e2ne, \u0219i a Inaltpreasfintitului Arhiepiscop Serafim, Mitropolitul Bisericii Ortodoxe Autonome din Japonia, [&hellip;]\" \/>\n<meta property=\"og:url\" content=\"https:\/\/romanianorthodoxy.jp\/ro\/punere-pietrei-de-temelie-pentru-biserica-din-minami-alps-yamanashi-14-martie-2026\/\" \/>\n<meta property=\"og:site_name\" content=\"Biserica Ortodox\u0103 Rom\u00e2n\u0103 \u00een Japonia\" \/>\n<meta property=\"article:publisher\" content=\"https:\/\/www.facebook.com\/romanianorthodoxyinjapan\" \/>\n<meta property=\"article:published_time\" content=\"2026-03-14T13:32:21+00:00\" \/>\n<meta property=\"article:modified_time\" content=\"2026-03-16T10:05:10+00:00\" \/>\n<meta property=\"og:image\" content=\"https:\/\/romanianorthodoxy.jp\/wp-content\/uploads\/2026\/03\/DSC05792.jpg\" \/>\n\t<meta property=\"og:image:width\" content=\"1945\" \/>\n\t<meta property=\"og:image:height\" content=\"1296\" \/>\n\t<meta property=\"og:image:type\" content=\"image\/jpeg\" \/>\n<meta name=\"author\" content=\"Romanian Orthodox Church in Japan\" \/>\n<meta name=\"twitter:card\" content=\"summary_large_image\" \/>\n<meta name=\"twitter:label1\" content=\"Scris de\" \/>\n\t<meta name=\"twitter:data1\" content=\"Romanian Orthodox Church in Japan\" \/>\n\t<meta name=\"twitter:label2\" content=\"Timp estimat pentru citire\" \/>\n\t<meta name=\"twitter:data2\" content=\"3 minute\" \/>\n<script type=\"application\/ld+json\" class=\"yoast-schema-graph\">{\"@context\":\"https:\\\/\\\/schema.org\",\"@graph\":[{\"@type\":\"Article\",\"@id\":\"https:\\\/\\\/romanianorthodoxy.jp\\\/ro\\\/punere-pietrei-de-temelie-pentru-biserica-din-minami-alps-yamanashi-14-martie-2026\\\/#article\",\"isPartOf\":{\"@id\":\"https:\\\/\\\/romanianorthodoxy.jp\\\/ro\\\/punere-pietrei-de-temelie-pentru-biserica-din-minami-alps-yamanashi-14-martie-2026\\\/\"},\"author\":{\"name\":\"Romanian Orthodox Church in Japan\",\"@id\":\"https:\\\/\\\/romanianorthodoxy.jp\\\/ro\\\/#\\\/schema\\\/person\\\/ddb66e4ef1b152638dabfa02710810ef\"},\"headline\":\"Punerea pietrei de temelie pentru biserica din Minami Alps, Yamanashi &#8211; 14 martie 2026\",\"datePublished\":\"2026-03-14T13:32:21+00:00\",\"dateModified\":\"2026-03-16T10:05:10+00:00\",\"mainEntityOfPage\":{\"@id\":\"https:\\\/\\\/romanianorthodoxy.jp\\\/ro\\\/punere-pietrei-de-temelie-pentru-biserica-din-minami-alps-yamanashi-14-martie-2026\\\/\"},\"wordCount\":544,\"publisher\":{\"@id\":\"https:\\\/\\\/romanianorthodoxy.jp\\\/ro\\\/#organization\"},\"image\":{\"@id\":\"https:\\\/\\\/romanianorthodoxy.jp\\\/ro\\\/punere-pietrei-de-temelie-pentru-biserica-din-minami-alps-yamanashi-14-martie-2026\\\/#primaryimage\"},\"thumbnailUrl\":\"https:\\\/\\\/romanianorthodoxy.jp\\\/wp-content\\\/uploads\\\/2026\\\/03\\\/DSC05792.jpg\",\"articleSection\":[\"Nout\u0103\u021bi\",\"Proiecte\"],\"inLanguage\":\"ro-RO\"},{\"@type\":\"WebPage\",\"@id\":\"https:\\\/\\\/romanianorthodoxy.jp\\\/ro\\\/punere-pietrei-de-temelie-pentru-biserica-din-minami-alps-yamanashi-14-martie-2026\\\/\",\"url\":\"https:\\\/\\\/romanianorthodoxy.jp\\\/ro\\\/punere-pietrei-de-temelie-pentru-biserica-din-minami-alps-yamanashi-14-martie-2026\\\/\",\"name\":\"Punerea pietrei de temelie pentru biserica din Minami Alps, Yamanashi - 14 martie 2026 - Biserica Ortodox\u0103 Rom\u00e2n\u0103 \u00een Japonia\",\"isPartOf\":{\"@id\":\"https:\\\/\\\/romanianorthodoxy.jp\\\/ro\\\/#website\"},\"primaryImageOfPage\":{\"@id\":\"https:\\\/\\\/romanianorthodoxy.jp\\\/ro\\\/punere-pietrei-de-temelie-pentru-biserica-din-minami-alps-yamanashi-14-martie-2026\\\/#primaryimage\"},\"image\":{\"@id\":\"https:\\\/\\\/romanianorthodoxy.jp\\\/ro\\\/punere-pietrei-de-temelie-pentru-biserica-din-minami-alps-yamanashi-14-martie-2026\\\/#primaryimage\"},\"thumbnailUrl\":\"https:\\\/\\\/romanianorthodoxy.jp\\\/wp-content\\\/uploads\\\/2026\\\/03\\\/DSC05792.jpg\",\"datePublished\":\"2026-03-14T13:32:21+00:00\",\"dateModified\":\"2026-03-16T10:05:10+00:00\",\"breadcrumb\":{\"@id\":\"https:\\\/\\\/romanianorthodoxy.jp\\\/ro\\\/punere-pietrei-de-temelie-pentru-biserica-din-minami-alps-yamanashi-14-martie-2026\\\/#breadcrumb\"},\"inLanguage\":\"ro-RO\",\"potentialAction\":[{\"@type\":\"ReadAction\",\"target\":[\"https:\\\/\\\/romanianorthodoxy.jp\\\/ro\\\/punere-pietrei-de-temelie-pentru-biserica-din-minami-alps-yamanashi-14-martie-2026\\\/\"]}]},{\"@type\":\"ImageObject\",\"inLanguage\":\"ro-RO\",\"@id\":\"https:\\\/\\\/romanianorthodoxy.jp\\\/ro\\\/punere-pietrei-de-temelie-pentru-biserica-din-minami-alps-yamanashi-14-martie-2026\\\/#primaryimage\",\"url\":\"https:\\\/\\\/romanianorthodoxy.jp\\\/wp-content\\\/uploads\\\/2026\\\/03\\\/DSC05792.jpg\",\"contentUrl\":\"https:\\\/\\\/romanianorthodoxy.jp\\\/wp-content\\\/uploads\\\/2026\\\/03\\\/DSC05792.jpg\",\"width\":1945,\"height\":1296},{\"@type\":\"BreadcrumbList\",\"@id\":\"https:\\\/\\\/romanianorthodoxy.jp\\\/ro\\\/punere-pietrei-de-temelie-pentru-biserica-din-minami-alps-yamanashi-14-martie-2026\\\/#breadcrumb\",\"itemListElement\":[{\"@type\":\"ListItem\",\"position\":1,\"name\":\"Acas\u0103\",\"item\":\"https:\\\/\\\/romanianorthodoxy.jp\\\/ro\\\/https-romanianorthodoxy-jp-ro\\\/\"},{\"@type\":\"ListItem\",\"position\":2,\"name\":\"Punerea pietrei de temelie pentru biserica din Minami Alps, Yamanashi &#8211; 14 martie 2026\"}]},{\"@type\":\"WebSite\",\"@id\":\"https:\\\/\\\/romanianorthodoxy.jp\\\/ro\\\/#website\",\"url\":\"https:\\\/\\\/romanianorthodoxy.jp\\\/ro\\\/\",\"name\":\"Biserica Ortodox\u0103 Rom\u00e2n\u0103 \u00een Japonia\",\"description\":\"Biserica Rom\u00e2n\u0103 Ortodox\u0103 \u00een Japonia\",\"publisher\":{\"@id\":\"https:\\\/\\\/romanianorthodoxy.jp\\\/ro\\\/#organization\"},\"potentialAction\":[{\"@type\":\"SearchAction\",\"target\":{\"@type\":\"EntryPoint\",\"urlTemplate\":\"https:\\\/\\\/romanianorthodoxy.jp\\\/ro\\\/?s={search_term_string}\"},\"query-input\":{\"@type\":\"PropertyValueSpecification\",\"valueRequired\":true,\"valueName\":\"search_term_string\"}}],\"inLanguage\":\"ro-RO\"},{\"@type\":\"Organization\",\"@id\":\"https:\\\/\\\/romanianorthodoxy.jp\\\/ro\\\/#organization\",\"name\":\"Biserica Ortodox\u0103 Rom\u00e2n\u0103 \u00een Japonia\",\"url\":\"https:\\\/\\\/romanianorthodoxy.jp\\\/ro\\\/\",\"logo\":{\"@type\":\"ImageObject\",\"inLanguage\":\"ro-RO\",\"@id\":\"https:\\\/\\\/romanianorthodoxy.jp\\\/ro\\\/#\\\/schema\\\/logo\\\/image\\\/\",\"url\":\"https:\\\/\\\/romanianorthodoxy.jp\\\/wp-content\\\/uploads\\\/2022\\\/07\\\/cropped-Logo-biserica-2-1.jpg\",\"contentUrl\":\"https:\\\/\\\/romanianorthodoxy.jp\\\/wp-content\\\/uploads\\\/2022\\\/07\\\/cropped-Logo-biserica-2-1.jpg\",\"width\":512,\"height\":512,\"caption\":\"Biserica Ortodox\u0103 Rom\u00e2n\u0103 \u00een Japonia\"},\"image\":{\"@id\":\"https:\\\/\\\/romanianorthodoxy.jp\\\/ro\\\/#\\\/schema\\\/logo\\\/image\\\/\"},\"sameAs\":[\"https:\\\/\\\/www.facebook.com\\\/romanianorthodoxyinjapan\"]},{\"@type\":\"Person\",\"@id\":\"https:\\\/\\\/romanianorthodoxy.jp\\\/ro\\\/#\\\/schema\\\/person\\\/ddb66e4ef1b152638dabfa02710810ef\",\"name\":\"Romanian Orthodox Church in Japan\",\"image\":{\"@type\":\"ImageObject\",\"inLanguage\":\"ro-RO\",\"@id\":\"https:\\\/\\\/secure.gravatar.com\\\/avatar\\\/2834e41ab59d217637d4edcc3853386d5720f3aaa35ac8d36b563ba06f97869b?s=96&d=mm&r=g\",\"url\":\"https:\\\/\\\/secure.gravatar.com\\\/avatar\\\/2834e41ab59d217637d4edcc3853386d5720f3aaa35ac8d36b563ba06f97869b?s=96&d=mm&r=g\",\"contentUrl\":\"https:\\\/\\\/secure.gravatar.com\\\/avatar\\\/2834e41ab59d217637d4edcc3853386d5720f3aaa35ac8d36b563ba06f97869b?s=96&d=mm&r=g\",\"caption\":\"Romanian Orthodox Church in Japan\"},\"url\":\"https:\\\/\\\/romanianorthodoxy.jp\\\/ro\\\/author\\\/romanian-orthodox-church-in-japan\\\/\"}]}<\/script>\n<!-- \/ Yoast SEO plugin. -->","yoast_head_json":{"title":"Punerea pietrei de temelie pentru biserica din Minami Alps, Yamanashi - 14 martie 2026 - Biserica Ortodox\u0103 Rom\u00e2n\u0103 \u00een Japonia","robots":{"index":"index","follow":"follow","max-snippet":"max-snippet:-1","max-image-preview":"max-image-preview:large","max-video-preview":"max-video-preview:-1"},"canonical":"https:\/\/romanianorthodoxy.jp\/ro\/punere-pietrei-de-temelie-pentru-biserica-din-minami-alps-yamanashi-14-martie-2026\/","og_locale":"ro_RO","og_type":"article","og_title":"Punerea pietrei de temelie pentru biserica din Minami Alps, Yamanashi - 14 martie 2026 - Biserica Ortodox\u0103 Rom\u00e2n\u0103 \u00een Japonia","og_description":"Ast\u0103zi 14 martie, cu voia \u0219i ajutorul lui Dumnezeu \u0219i cu binecuv\u00e2ntarea Preafericitului P\u0103rinte Daniel, Patriarhul Bisericii Ortodoxe Rom\u00e2ne, \u0219i a Inaltpreasfintitului Arhiepiscop Serafim, Mitropolitul Bisericii Ortodoxe Autonome din Japonia, [&hellip;]","og_url":"https:\/\/romanianorthodoxy.jp\/ro\/punere-pietrei-de-temelie-pentru-biserica-din-minami-alps-yamanashi-14-martie-2026\/","og_site_name":"Biserica Ortodox\u0103 Rom\u00e2n\u0103 \u00een Japonia","article_publisher":"https:\/\/www.facebook.com\/romanianorthodoxyinjapan","article_published_time":"2026-03-14T13:32:21+00:00","article_modified_time":"2026-03-16T10:05:10+00:00","og_image":[{"width":1945,"height":1296,"url":"https:\/\/romanianorthodoxy.jp\/wp-content\/uploads\/2026\/03\/DSC05792.jpg","type":"image\/jpeg"}],"author":"Romanian Orthodox Church in Japan","twitter_card":"summary_large_image","twitter_misc":{"Scris de":"Romanian Orthodox Church in Japan","Timp estimat pentru citire":"3 minute"},"schema":{"@context":"https:\/\/schema.org","@graph":[{"@type":"Article","@id":"https:\/\/romanianorthodoxy.jp\/ro\/punere-pietrei-de-temelie-pentru-biserica-din-minami-alps-yamanashi-14-martie-2026\/#article","isPartOf":{"@id":"https:\/\/romanianorthodoxy.jp\/ro\/punere-pietrei-de-temelie-pentru-biserica-din-minami-alps-yamanashi-14-martie-2026\/"},"author":{"name":"Romanian Orthodox Church in Japan","@id":"https:\/\/romanianorthodoxy.jp\/ro\/#\/schema\/person\/ddb66e4ef1b152638dabfa02710810ef"},"headline":"Punerea pietrei de temelie pentru biserica din Minami Alps, Yamanashi &#8211; 14 martie 2026","datePublished":"2026-03-14T13:32:21+00:00","dateModified":"2026-03-16T10:05:10+00:00","mainEntityOfPage":{"@id":"https:\/\/romanianorthodoxy.jp\/ro\/punere-pietrei-de-temelie-pentru-biserica-din-minami-alps-yamanashi-14-martie-2026\/"},"wordCount":544,"publisher":{"@id":"https:\/\/romanianorthodoxy.jp\/ro\/#organization"},"image":{"@id":"https:\/\/romanianorthodoxy.jp\/ro\/punere-pietrei-de-temelie-pentru-biserica-din-minami-alps-yamanashi-14-martie-2026\/#primaryimage"},"thumbnailUrl":"https:\/\/romanianorthodoxy.jp\/wp-content\/uploads\/2026\/03\/DSC05792.jpg","articleSection":["Nout\u0103\u021bi","Proiecte"],"inLanguage":"ro-RO"},{"@type":"WebPage","@id":"https:\/\/romanianorthodoxy.jp\/ro\/punere-pietrei-de-temelie-pentru-biserica-din-minami-alps-yamanashi-14-martie-2026\/","url":"https:\/\/romanianorthodoxy.jp\/ro\/punere-pietrei-de-temelie-pentru-biserica-din-minami-alps-yamanashi-14-martie-2026\/","name":"Punerea pietrei de temelie pentru biserica din Minami Alps, Yamanashi - 14 martie 2026 - Biserica Ortodox\u0103 Rom\u00e2n\u0103 \u00een Japonia","isPartOf":{"@id":"https:\/\/romanianorthodoxy.jp\/ro\/#website"},"primaryImageOfPage":{"@id":"https:\/\/romanianorthodoxy.jp\/ro\/punere-pietrei-de-temelie-pentru-biserica-din-minami-alps-yamanashi-14-martie-2026\/#primaryimage"},"image":{"@id":"https:\/\/romanianorthodoxy.jp\/ro\/punere-pietrei-de-temelie-pentru-biserica-din-minami-alps-yamanashi-14-martie-2026\/#primaryimage"},"thumbnailUrl":"https:\/\/romanianorthodoxy.jp\/wp-content\/uploads\/2026\/03\/DSC05792.jpg","datePublished":"2026-03-14T13:32:21+00:00","dateModified":"2026-03-16T10:05:10+00:00","breadcrumb":{"@id":"https:\/\/romanianorthodoxy.jp\/ro\/punere-pietrei-de-temelie-pentru-biserica-din-minami-alps-yamanashi-14-martie-2026\/#breadcrumb"},"inLanguage":"ro-RO","potentialAction":[{"@type":"ReadAction","target":["https:\/\/romanianorthodoxy.jp\/ro\/punere-pietrei-de-temelie-pentru-biserica-din-minami-alps-yamanashi-14-martie-2026\/"]}]},{"@type":"ImageObject","inLanguage":"ro-RO","@id":"https:\/\/romanianorthodoxy.jp\/ro\/punere-pietrei-de-temelie-pentru-biserica-din-minami-alps-yamanashi-14-martie-2026\/#primaryimage","url":"https:\/\/romanianorthodoxy.jp\/wp-content\/uploads\/2026\/03\/DSC05792.jpg","contentUrl":"https:\/\/romanianorthodoxy.jp\/wp-content\/uploads\/2026\/03\/DSC05792.jpg","width":1945,"height":1296},{"@type":"BreadcrumbList","@id":"https:\/\/romanianorthodoxy.jp\/ro\/punere-pietrei-de-temelie-pentru-biserica-din-minami-alps-yamanashi-14-martie-2026\/#breadcrumb","itemListElement":[{"@type":"ListItem","position":1,"name":"Acas\u0103","item":"https:\/\/romanianorthodoxy.jp\/ro\/https-romanianorthodoxy-jp-ro\/"},{"@type":"ListItem","position":2,"name":"Punerea pietrei de temelie pentru biserica din Minami Alps, Yamanashi &#8211; 14 martie 2026"}]},{"@type":"WebSite","@id":"https:\/\/romanianorthodoxy.jp\/ro\/#website","url":"https:\/\/romanianorthodoxy.jp\/ro\/","name":"Biserica Ortodox\u0103 Rom\u00e2n\u0103 \u00een Japonia","description":"Biserica Rom\u00e2n\u0103 Ortodox\u0103 \u00een Japonia","publisher":{"@id":"https:\/\/romanianorthodoxy.jp\/ro\/#organization"},"potentialAction":[{"@type":"SearchAction","target":{"@type":"EntryPoint","urlTemplate":"https:\/\/romanianorthodoxy.jp\/ro\/?s={search_term_string}"},"query-input":{"@type":"PropertyValueSpecification","valueRequired":true,"valueName":"search_term_string"}}],"inLanguage":"ro-RO"},{"@type":"Organization","@id":"https:\/\/romanianorthodoxy.jp\/ro\/#organization","name":"Biserica Ortodox\u0103 Rom\u00e2n\u0103 \u00een Japonia","url":"https:\/\/romanianorthodoxy.jp\/ro\/","logo":{"@type":"ImageObject","inLanguage":"ro-RO","@id":"https:\/\/romanianorthodoxy.jp\/ro\/#\/schema\/logo\/image\/","url":"https:\/\/romanianorthodoxy.jp\/wp-content\/uploads\/2022\/07\/cropped-Logo-biserica-2-1.jpg","contentUrl":"https:\/\/romanianorthodoxy.jp\/wp-content\/uploads\/2022\/07\/cropped-Logo-biserica-2-1.jpg","width":512,"height":512,"caption":"Biserica Ortodox\u0103 Rom\u00e2n\u0103 \u00een Japonia"},"image":{"@id":"https:\/\/romanianorthodoxy.jp\/ro\/#\/schema\/logo\/image\/"},"sameAs":["https:\/\/www.facebook.com\/romanianorthodoxyinjapan"]},{"@type":"Person","@id":"https:\/\/romanianorthodoxy.jp\/ro\/#\/schema\/person\/ddb66e4ef1b152638dabfa02710810ef","name":"Romanian Orthodox Church in Japan","image":{"@type":"ImageObject","inLanguage":"ro-RO","@id":"https:\/\/secure.gravatar.com\/avatar\/2834e41ab59d217637d4edcc3853386d5720f3aaa35ac8d36b563ba06f97869b?s=96&d=mm&r=g","url":"https:\/\/secure.gravatar.com\/avatar\/2834e41ab59d217637d4edcc3853386d5720f3aaa35ac8d36b563ba06f97869b?s=96&d=mm&r=g","contentUrl":"https:\/\/secure.gravatar.com\/avatar\/2834e41ab59d217637d4edcc3853386d5720f3aaa35ac8d36b563ba06f97869b?s=96&d=mm&r=g","caption":"Romanian Orthodox Church in Japan"},"url":"https:\/\/romanianorthodoxy.jp\/ro\/author\/romanian-orthodox-church-in-japan\/"}]}},"_links":{"self":[{"href":"https:\/\/romanianorthodoxy.jp\/ro\/wp-json\/wp\/v2\/posts\/3634","targetHints":{"allow":["GET"]}}],"collection":[{"href":"https:\/\/romanianorthodoxy.jp\/ro\/wp-json\/wp\/v2\/posts"}],"about":[{"href":"https:\/\/romanianorthodoxy.jp\/ro\/wp-json\/wp\/v2\/types\/post"}],"author":[{"embeddable":true,"href":"https:\/\/romanianorthodoxy.jp\/ro\/wp-json\/wp\/v2\/users\/2"}],"replies":[{"embeddable":true,"href":"https:\/\/romanianorthodoxy.jp\/ro\/wp-json\/wp\/v2\/comments?post=3634"}],"version-history":[{"count":5,"href":"https:\/\/romanianorthodoxy.jp\/ro\/wp-json\/wp\/v2\/posts\/3634\/revisions"}],"predecessor-version":[{"id":3684,"href":"https:\/\/romanianorthodoxy.jp\/ro\/wp-json\/wp\/v2\/posts\/3634\/revisions\/3684"}],"wp:featuredmedia":[{"embeddable":true,"href":"https:\/\/romanianorthodoxy.jp\/ro\/wp-json\/wp\/v2\/media\/3633"}],"wp:attachment":[{"href":"https:\/\/romanianorthodoxy.jp\/ro\/wp-json\/wp\/v2\/media?parent=3634"}],"wp:term":[{"taxonomy":"category","embeddable":true,"href":"https:\/\/romanianorthodoxy.jp\/ro\/wp-json\/wp\/v2\/categories?post=3634"},{"taxonomy":"post_tag","embeddable":true,"href":"https:\/\/romanianorthodoxy.jp\/ro\/wp-json\/wp\/v2\/tags?post=3634"}],"curies":[{"name":"wp","href":"https:\/\/api.w.org\/{rel}","templated":true}]}}